{"id":1427,"date":"2025-07-24T19:46:18","date_gmt":"2025-07-24T22:46:18","guid":{"rendered":"https:\/\/leonescruzdelsur.cl\/?p=1427"},"modified":"2025-08-05T09:56:40","modified_gmt":"2025-08-05T12:56:40","slug":"lanzamiento-de-las-xxxviii-jornadas-en-la-ciudad-de-porvenir","status":"publish","type":"post","link":"https:\/\/leonescruzdelsur.cl\/index.php\/2025\/07\/24\/lanzamiento-de-las-xxxviii-jornadas-en-la-ciudad-de-porvenir\/","title":{"rendered":"LANZAMIENTO DE LAS XXXVIII JORNADAS EN LA CIUDAD DE PORVENIR"},"content":{"rendered":"\n<p>El d\u00eda jueves 24 de julio se llev\u00f3 a efecto la ceremonia de lanzamiento de las Jornadas por la Rehabilitaci\u00f3n en Magallanes, en la ciudad de Porvenir, en su versi\u00f3n N\u00b0 38, bajo el slogan &#8220;Conectando Manos, Cambiamos Vidas.<\/p>\n\n\n\n<p>En dicha oportunidad se conocieron las historias inspiradoras del embajador Maximiliano Fern\u00e1ndez y de la peque\u00f1a Antonella, quien vive en la ciudad de Porvenir.<\/p>\n\n\n\n<p>Dicha ceremonia cont\u00f3 con la presencia de autoridades de la Provincia de Tierra del Fuego.<\/p>\n\n\n\n<figure class=\"wp-block-gallery has-nested-images columns-default is-cropped wp-block-gallery-1 is-layout-flex wp-block-gallery-is-layout-flex\">\n<figure class=\"wp-block-image size-large has-custom-border\"><img data-recalc-dims=\"1\" fetchpriority=\"high\" decoding=\"async\" width=\"600\" height=\"450\" data-id=\"1428\" src=\"https:\/\/i0.wp.com\/leonescruzdelsur.cl\/wp-content\/uploads\/2025\/07\/2-Porvenir.jpg?resize=600%2C450&#038;ssl=1\" alt=\"\" class=\"wp-image-1428\" style=\"border-radius:10px\"\/><\/figure>\n\n\n\n<figure class=\"wp-block-image size-large has-custom-border\"><img data-recalc-dims=\"1\" decoding=\"async\" width=\"600\" height=\"450\" data-id=\"1432\" src=\"https:\/\/i0.wp.com\/leonescruzdelsur.cl\/wp-content\/uploads\/2025\/07\/3-Porvenir.jpg?resize=600%2C450&#038;ssl=1\" alt=\"\" class=\"wp-image-1432\" style=\"border-radius:10px\"\/><\/figure>\n\n\n\n<figure class=\"wp-block-image size-large has-custom-border\"><img data-recalc-dims=\"1\" decoding=\"async\" width=\"600\" height=\"450\" data-id=\"1429\" src=\"https:\/\/i0.wp.com\/leonescruzdelsur.cl\/wp-content\/uploads\/2025\/07\/4-Porvenir.jpg?resize=600%2C450&#038;ssl=1\" alt=\"\" class=\"wp-image-1429\" style=\"border-radius:10px\"\/><\/figure>\n\n\n\n<figure class=\"wp-block-image size-large has-custom-border\"><img data-recalc-dims=\"1\" loading=\"lazy\" decoding=\"async\" width=\"600\" height=\"450\" data-id=\"1430\" src=\"https:\/\/i0.wp.com\/leonescruzdelsur.cl\/wp-content\/uploads\/2025\/07\/5-Porvenir.jpg?resize=600%2C450&#038;ssl=1\" alt=\"\" class=\"wp-image-1430\" style=\"border-radius:10px\"\/><\/figure>\n\n\n\n<figure class=\"wp-block-image size-large has-custom-border\"><img data-recalc-dims=\"1\" loading=\"lazy\" decoding=\"async\" width=\"600\" height=\"450\" data-id=\"1431\" src=\"https:\/\/i0.wp.com\/leonescruzdelsur.cl\/wp-content\/uploads\/2025\/07\/6-Porvenir.jpg?resize=600%2C450&#038;ssl=1\" alt=\"\" class=\"wp-image-1431\" style=\"border-radius:10px\"\/><\/figure>\n<\/figure>\n","protected":false},"excerpt":{"rendered":"<p>El d\u00eda jueves 24 de julio se llev\u00f3 a efecto la ceremonia de lanzamiento de las Jornadas por la Rehabilitaci\u00f3n en Magallanes, en la ciudad de Porvenir, en su versi\u00f3n N\u00b0 38, bajo el slogan &#8220;Conectando Manos, Cambiamos Vidas. En dicha oportunidad se conocieron las historias inspiradoras del embajador Maximiliano Fern\u00e1ndez y de la peque\u00f1a [&hellip;]<\/p>\n","protected":false},"author":3,"featured_media":1434,"comment_status":"closed","ping_status":"open","sticky":false,"template":"","format":"standard","meta":{"_eb_attr":"","_jetpack_memberships_contains_paid_content":false,"footnotes":"","jetpack_publicize_message":"","jetpack_publicize_feature_enabled":true,"jetpack_social_post_already_shared":true,"jetpack_social_options":{"image_generator_settings":{"template":"highway","default_image_id":0,"enabled":false},"version":2}},"categories":[1],"tags":[],"class_list":["post-1427","post","type-post","status-publish","format-standard","has-post-thumbnail","hentry","category-uncategorized"],"jetpack_publicize_connections":[],"jetpack_featured_media_url":"https:\/\/i0.wp.com\/leonescruzdelsur.cl\/wp-content\/uploads\/2025\/07\/1-Porvenir.jpg?fit=600%2C450&ssl=1","jetpack-related-posts":[],"jetpack_sharing_enabled":true,"_links":{"self":[{"href":"https:\/\/leonescruzdelsur.cl\/index.php\/wp-json\/wp\/v2\/posts\/1427","targetHints":{"allow":["GET"]}}],"collection":[{"href":"https:\/\/leonescruzdelsur.cl\/index.php\/wp-json\/wp\/v2\/posts"}],"about":[{"href":"https:\/\/leonescruzdelsur.cl\/index.php\/wp-json\/wp\/v2\/types\/post"}],"author":[{"embeddable":true,"href":"https:\/\/leonescruzdelsur.cl\/index.php\/wp-json\/wp\/v2\/users\/3"}],"replies":[{"embeddable":true,"href":"https:\/\/leonescruzdelsur.cl\/index.php\/wp-json\/wp\/v2\/comments?post=1427"}],"version-history":[{"count":2,"href":"https:\/\/leonescruzdelsur.cl\/index.php\/wp-json\/wp\/v2\/posts\/1427\/revisions"}],"predecessor-version":[{"id":1452,"href":"https:\/\/leonescruzdelsur.cl\/index.php\/wp-json\/wp\/v2\/posts\/1427\/revisions\/1452"}],"wp:featuredmedia":[{"embeddable":true,"href":"https:\/\/leonescruzdelsur.cl\/index.php\/wp-json\/wp\/v2\/media\/1434"}],"wp:attachment":[{"href":"https:\/\/leonescruzdelsur.cl\/index.php\/wp-json\/wp\/v2\/media?parent=1427"}],"wp:term":[{"taxonomy":"category","embeddable":true,"href":"https:\/\/leonescruzdelsur.cl\/index.php\/wp-json\/wp\/v2\/categories?post=1427"},{"taxonomy":"post_tag","embeddable":true,"href":"https:\/\/leonescruzdelsur.cl\/index.php\/wp-json\/wp\/v2\/tags?post=1427"}],"curies":[{"name":"wp","href":"https:\/\/api.w.org\/{rel}","templated":true}]}}