{"id":1485,"date":"2025-07-10T20:35:25","date_gmt":"2025-07-10T23:35:25","guid":{"rendered":"https:\/\/leonescruzdelsur.cl\/?p=1485"},"modified":"2025-08-07T20:37:28","modified_gmt":"2025-08-07T23:37:28","slug":"lanzamiento-jornadas-en-punta-arenas","status":"publish","type":"post","link":"https:\/\/leonescruzdelsur.cl\/index.php\/2025\/07\/10\/lanzamiento-jornadas-en-punta-arenas\/","title":{"rendered":"Lanzamiento Jornadas en Punta Arenas"},"content":{"rendered":"\n<p>El jueves 10 de julio se realiz\u00f3 el lanzamiento de las XXXVIII Jornadas por la Rehabilitaci\u00f3n en Magallanes, ceremonia que tuvo lugar en el Auditorio Alejandro Ponticas del Edificio de los Servicios P\u00fablicos.<br>En dicha ocasi\u00f3n se cont\u00f3 con la presencia de autoridades regionales y comunales, representantes de las fuerzas armadas y de orden, empresarios y representantes del mundo privado, organizaciones de la sociedad civil, medios de comunicaci\u00f3n,  personal del centro de rehabilitaci\u00f3n, entre otros.<br>La ceremonia de lanzamiento marca el inicio de la campa\u00f1a, cuya meta para este a\u00f1o asciende a $1.300.000.000.-<br>El embajador de estas jornadas es un joven de 14 a\u00f1os, Maximiliano Fern\u00e1ndez Villegas, quien nos acompa\u00f1ar\u00e1 durante toda la campa\u00f1a, bajo el eslogan:<br><strong>\u201cCONECTANDO MANOS, CAMBIAMOS VIDAS.\u201d<\/strong><\/p>\n\n\n\n<figure class=\"wp-block-gallery has-nested-images columns-default is-cropped wp-block-gallery-1 is-layout-flex wp-block-gallery-is-layout-flex\">\n<figure class=\"wp-block-image size-large\"><img data-recalc-dims=\"1\" fetchpriority=\"high\" decoding=\"async\" width=\"800\" height=\"1067\" data-id=\"1490\" src=\"https:\/\/i0.wp.com\/leonescruzdelsur.cl\/wp-content\/uploads\/2025\/08\/1-1.jpg?resize=800%2C1067&#038;ssl=1\" alt=\"\" class=\"wp-image-1490\" srcset=\"https:\/\/i0.wp.com\/leonescruzdelsur.cl\/wp-content\/uploads\/2025\/08\/1-1.jpg?w=800&amp;ssl=1 800w, https:\/\/i0.wp.com\/leonescruzdelsur.cl\/wp-content\/uploads\/2025\/08\/1-1.jpg?resize=768%2C1024&amp;ssl=1 768w\" sizes=\"(max-width: 800px) 100vw, 800px\" \/><\/figure>\n\n\n\n<figure class=\"wp-block-image size-large\"><img data-recalc-dims=\"1\" decoding=\"async\" width=\"1066\" height=\"711\" data-id=\"1489\" src=\"https:\/\/i0.wp.com\/leonescruzdelsur.cl\/wp-content\/uploads\/2025\/08\/embajador-1.jpg?resize=1066%2C711&#038;ssl=1\" alt=\"\" class=\"wp-image-1489\" srcset=\"https:\/\/i0.wp.com\/leonescruzdelsur.cl\/wp-content\/uploads\/2025\/08\/embajador-1.jpg?w=1066&amp;ssl=1 1066w, https:\/\/i0.wp.com\/leonescruzdelsur.cl\/wp-content\/uploads\/2025\/08\/embajador-1.jpg?resize=768%2C512&amp;ssl=1 768w\" sizes=\"(max-width: 1000px) 100vw, 1000px\" \/><\/figure>\n<\/figure>\n","protected":false},"excerpt":{"rendered":"<p>El jueves 10 de julio se realiz\u00f3 el lanzamiento de las XXXVIII Jornadas por la Rehabilitaci\u00f3n en Magallanes, ceremonia que tuvo lugar en el Auditorio Alejandro Ponticas del Edificio de los Servicios P\u00fablicos.En dicha ocasi\u00f3n se cont\u00f3 con la presencia de autoridades regionales y comunales, representantes de las fuerzas armadas y de orden, empresarios y [&hellip;]<\/p>\n","protected":false},"author":3,"featured_media":1486,"comment_status":"closed","ping_status":"open","sticky":false,"template":"","format":"standard","meta":{"_eb_attr":"","_jetpack_memberships_contains_paid_content":false,"footnotes":"","jetpack_publicize_message":"","jetpack_publicize_feature_enabled":true,"jetpack_social_post_already_shared":false,"jetpack_social_options":{"image_generator_settings":{"template":"highway","default_image_id":0,"enabled":false},"version":2}},"categories":[1],"tags":[],"class_list":["post-1485","post","type-post","status-publish","format-standard","has-post-thumbnail","hentry","category-uncategorized"],"jetpack_publicize_connections":[],"jetpack_featured_media_url":"https:\/\/i0.wp.com\/leonescruzdelsur.cl\/wp-content\/uploads\/2025\/08\/todos.jpg?fit=1065%2C710&ssl=1","jetpack-related-posts":[],"jetpack_sharing_enabled":true,"_links":{"self":[{"href":"https:\/\/leonescruzdelsur.cl\/index.php\/wp-json\/wp\/v2\/posts\/1485","targetHints":{"allow":["GET"]}}],"collection":[{"href":"https:\/\/leonescruzdelsur.cl\/index.php\/wp-json\/wp\/v2\/posts"}],"about":[{"href":"https:\/\/leonescruzdelsur.cl\/index.php\/wp-json\/wp\/v2\/types\/post"}],"author":[{"embeddable":true,"href":"https:\/\/leonescruzdelsur.cl\/index.php\/wp-json\/wp\/v2\/users\/3"}],"replies":[{"embeddable":true,"href":"https:\/\/leonescruzdelsur.cl\/index.php\/wp-json\/wp\/v2\/comments?post=1485"}],"version-history":[{"count":2,"href":"https:\/\/leonescruzdelsur.cl\/index.php\/wp-json\/wp\/v2\/posts\/1485\/revisions"}],"predecessor-version":[{"id":1492,"href":"https:\/\/leonescruzdelsur.cl\/index.php\/wp-json\/wp\/v2\/posts\/1485\/revisions\/1492"}],"wp:featuredmedia":[{"embeddable":true,"href":"https:\/\/leonescruzdelsur.cl\/index.php\/wp-json\/wp\/v2\/media\/1486"}],"wp:attachment":[{"href":"https:\/\/leonescruzdelsur.cl\/index.php\/wp-json\/wp\/v2\/media?parent=1485"}],"wp:term":[{"taxonomy":"category","embeddable":true,"href":"https:\/\/leonescruzdelsur.cl\/index.php\/wp-json\/wp\/v2\/categories?post=1485"},{"taxonomy":"post_tag","embeddable":true,"href":"https:\/\/leonescruzdelsur.cl\/index.php\/wp-json\/wp\/v2\/tags?post=1485"}],"curies":[{"name":"wp","href":"https:\/\/api.w.org\/{rel}","templated":true}]}}