{"id":1598,"date":"2025-08-21T16:31:00","date_gmt":"2025-08-21T19:31:00","guid":{"rendered":"https:\/\/leonescruzdelsur.cl\/?p=1598"},"modified":"2025-08-22T20:36:21","modified_gmt":"2025-08-22T23:36:21","slug":"feria-de-la-gratitud-y-servicio","status":"publish","type":"post","link":"https:\/\/leonescruzdelsur.cl\/index.php\/2025\/08\/21\/feria-de-la-gratitud-y-servicio\/","title":{"rendered":"Feria de la Gratitud y Servicio"},"content":{"rendered":"\n<p>El jueves 21 de agosto el Club de Leones Cruz del Sur particip\u00f3 de la Primera Feria de la gratitud y servicio, organizado por el Liceo Experimental UMAG, instancia en la cual 27 instituciones vinculadas al servicio a la comunidad y solidarias, interactuaron con ni\u00f1os y adolescentes de este establecimiento educacional para dar a conocer sus quehaceres y despertar a temprana edad de la vida el ser solidarios. Nuestro Club dio a conocer su labor con la discapacidad en la Regi\u00f3n y promoci\u00f3n de las 38\u00b0 Jornadas por la Rehabilitaci\u00f3n en Magallanes.<\/p>\n\n\n\n<p>De igual forma fue la ocasi\u00f3n en la cual Sim\u00f3n Cisterna, ex embajador de la campa\u00f1a anterior, entreg\u00f3 simb\u00f3licamente una alcanc\u00eda a Maximiliano Fern\u00e1ndez Villegas, actual embajador 2025 para traspasar el trabajo por esta cruzada solidaria.<\/p>\n\n\n\n<figure class=\"wp-block-gallery has-nested-images columns-default is-cropped wp-block-gallery-1 is-layout-flex wp-block-gallery-is-layout-flex\">\n<figure class=\"wp-block-image size-large\"><img data-recalc-dims=\"1\" fetchpriority=\"high\" decoding=\"async\" width=\"800\" height=\"600\" data-id=\"1605\" src=\"https:\/\/i0.wp.com\/leonescruzdelsur.cl\/wp-content\/uploads\/2025\/08\/Imagen-de-WhatsApp-2025-08-21-a-las-10.27.15_24c29922.jpg?resize=800%2C600&#038;ssl=1\" alt=\"\" class=\"wp-image-1605\" srcset=\"https:\/\/i0.wp.com\/leonescruzdelsur.cl\/wp-content\/uploads\/2025\/08\/Imagen-de-WhatsApp-2025-08-21-a-las-10.27.15_24c29922.jpg?w=800&amp;ssl=1 800w, https:\/\/i0.wp.com\/leonescruzdelsur.cl\/wp-content\/uploads\/2025\/08\/Imagen-de-WhatsApp-2025-08-21-a-las-10.27.15_24c29922.jpg?resize=768%2C576&amp;ssl=1 768w\" sizes=\"(max-width: 800px) 100vw, 800px\" \/><\/figure>\n\n\n\n<figure class=\"wp-block-image size-large\"><img data-recalc-dims=\"1\" decoding=\"async\" width=\"800\" height=\"600\" data-id=\"1606\" src=\"https:\/\/i0.wp.com\/leonescruzdelsur.cl\/wp-content\/uploads\/2025\/08\/Imagen-de-WhatsApp-2025-08-21-a-las-10.27.16_52b9216d.jpg?resize=800%2C600&#038;ssl=1\" alt=\"\" class=\"wp-image-1606\" srcset=\"https:\/\/i0.wp.com\/leonescruzdelsur.cl\/wp-content\/uploads\/2025\/08\/Imagen-de-WhatsApp-2025-08-21-a-las-10.27.16_52b9216d.jpg?w=800&amp;ssl=1 800w, https:\/\/i0.wp.com\/leonescruzdelsur.cl\/wp-content\/uploads\/2025\/08\/Imagen-de-WhatsApp-2025-08-21-a-las-10.27.16_52b9216d.jpg?resize=768%2C576&amp;ssl=1 768w\" sizes=\"(max-width: 800px) 100vw, 800px\" \/><\/figure>\n\n\n\n<figure class=\"wp-block-image size-large\"><img data-recalc-dims=\"1\" decoding=\"async\" width=\"800\" height=\"600\" data-id=\"1607\" src=\"https:\/\/i0.wp.com\/leonescruzdelsur.cl\/wp-content\/uploads\/2025\/08\/Imagen-de-WhatsApp-2025-08-21-a-las-10.38.22_3c340664.jpg?resize=800%2C600&#038;ssl=1\" alt=\"\" class=\"wp-image-1607\" srcset=\"https:\/\/i0.wp.com\/leonescruzdelsur.cl\/wp-content\/uploads\/2025\/08\/Imagen-de-WhatsApp-2025-08-21-a-las-10.38.22_3c340664.jpg?w=800&amp;ssl=1 800w, https:\/\/i0.wp.com\/leonescruzdelsur.cl\/wp-content\/uploads\/2025\/08\/Imagen-de-WhatsApp-2025-08-21-a-las-10.38.22_3c340664.jpg?resize=768%2C576&amp;ssl=1 768w\" sizes=\"(max-width: 800px) 100vw, 800px\" \/><\/figure>\n<\/figure>\n\n\n\n<p><\/p>\n","protected":false},"excerpt":{"rendered":"<p>El jueves 21 de agosto el Club de Leones Cruz del Sur particip\u00f3 de la Primera Feria de la gratitud y servicio, organizado por el Liceo Experimental UMAG, instancia en la cual 27 instituciones vinculadas al servicio a la comunidad y solidarias, interactuaron con ni\u00f1os y adolescentes de este establecimiento educacional para dar a conocer [&hellip;]<\/p>\n","protected":false},"author":3,"featured_media":1599,"comment_status":"closed","ping_status":"open","sticky":false,"template":"","format":"standard","meta":{"_eb_attr":"","_jetpack_memberships_contains_paid_content":false,"footnotes":"","jetpack_publicize_message":"","jetpack_publicize_feature_enabled":true,"jetpack_social_post_already_shared":false,"jetpack_social_options":{"image_generator_settings":{"template":"highway","default_image_id":0,"enabled":false},"version":2}},"categories":[10],"tags":[],"class_list":["post-1598","post","type-post","status-publish","format-standard","has-post-thumbnail","hentry","category-actividades-leonisticas"],"jetpack_publicize_connections":[],"jetpack_featured_media_url":"https:\/\/i0.wp.com\/leonescruzdelsur.cl\/wp-content\/uploads\/2025\/08\/Imagen-de-WhatsApp-2025-08-21-a-las-10.27.15_e98df382.jpg?fit=800%2C600&ssl=1","jetpack-related-posts":[],"jetpack_sharing_enabled":true,"_links":{"self":[{"href":"https:\/\/leonescruzdelsur.cl\/index.php\/wp-json\/wp\/v2\/posts\/1598","targetHints":{"allow":["GET"]}}],"collection":[{"href":"https:\/\/leonescruzdelsur.cl\/index.php\/wp-json\/wp\/v2\/posts"}],"about":[{"href":"https:\/\/leonescruzdelsur.cl\/index.php\/wp-json\/wp\/v2\/types\/post"}],"author":[{"embeddable":true,"href":"https:\/\/leonescruzdelsur.cl\/index.php\/wp-json\/wp\/v2\/users\/3"}],"replies":[{"embeddable":true,"href":"https:\/\/leonescruzdelsur.cl\/index.php\/wp-json\/wp\/v2\/comments?post=1598"}],"version-history":[{"count":1,"href":"https:\/\/leonescruzdelsur.cl\/index.php\/wp-json\/wp\/v2\/posts\/1598\/revisions"}],"predecessor-version":[{"id":1608,"href":"https:\/\/leonescruzdelsur.cl\/index.php\/wp-json\/wp\/v2\/posts\/1598\/revisions\/1608"}],"wp:featuredmedia":[{"embeddable":true,"href":"https:\/\/leonescruzdelsur.cl\/index.php\/wp-json\/wp\/v2\/media\/1599"}],"wp:attachment":[{"href":"https:\/\/leonescruzdelsur.cl\/index.php\/wp-json\/wp\/v2\/media?parent=1598"}],"wp:term":[{"taxonomy":"category","embeddable":true,"href":"https:\/\/leonescruzdelsur.cl\/index.php\/wp-json\/wp\/v2\/categories?post=1598"},{"taxonomy":"post_tag","embeddable":true,"href":"https:\/\/leonescruzdelsur.cl\/index.php\/wp-json\/wp\/v2\/tags?post=1598"}],"curies":[{"name":"wp","href":"https:\/\/api.w.org\/{rel}","templated":true}]}}