{"id":1609,"date":"2025-08-21T20:37:25","date_gmt":"2025-08-21T23:37:25","guid":{"rendered":"https:\/\/leonescruzdelsur.cl\/?p=1609"},"modified":"2025-08-22T20:41:57","modified_gmt":"2025-08-22T23:41:57","slug":"lanzamiento-de-las-jornadas-en-la-ciudad-de-santiago","status":"publish","type":"post","link":"https:\/\/leonescruzdelsur.cl\/index.php\/2025\/08\/21\/lanzamiento-de-las-jornadas-en-la-ciudad-de-santiago\/","title":{"rendered":"Lanzamiento de las Jornadas en la ciudad de Santiago"},"content":{"rendered":"\n<p>El jueves 21 de agosto quedar\u00e1 como una fecha que marc\u00f3 un hito in\u00e9dito e hist\u00f3rico para el Club de Leones Cruz del Sur; puesto que se realiz\u00f3 por primera vez el lanzamiento de las Jornadas por la Rehabilitaci\u00f3n en Magallanes, en la ciudad de Santiago. El evento se desarroll\u00f3 a las 19 horas en el Estadio Croata de Vitacura, con la conducci\u00f3n del periodista de TVN Davor Gjuranovic.<\/p>\n\n\n\n<p>En dicho evento participaron representantes del Club de Leones Cruz del Sur, el director del Centro de Rehabilitaci\u00f3n Club de Leones Cruz del Sur, autoridades regionales, directivos de empresas auspiciadoras, agrupaciones de magall\u00e1nicos residentes en la capital, como la Cofrad\u00eda del Calafate y Los Chumanguitos.<\/p>\n\n\n\n<p>El encuentro incluy\u00f3 la exhibici\u00f3n de videos de la obra y del embajador de este a\u00f1o, Maximiliano Fern\u00e1ndez.<\/p>\n\n\n\n<figure class=\"wp-block-gallery has-nested-images columns-default is-cropped wp-block-gallery-1 is-layout-flex wp-block-gallery-is-layout-flex\">\n<figure class=\"wp-block-image size-large\"><img data-recalc-dims=\"1\" fetchpriority=\"high\" decoding=\"async\" width=\"800\" height=\"533\" data-id=\"1611\" src=\"https:\/\/i0.wp.com\/leonescruzdelsur.cl\/wp-content\/uploads\/2025\/08\/IMG-20250822-WA0030.jpg?resize=800%2C533&#038;ssl=1\" alt=\"\" class=\"wp-image-1611\" srcset=\"https:\/\/i0.wp.com\/leonescruzdelsur.cl\/wp-content\/uploads\/2025\/08\/IMG-20250822-WA0030.jpg?w=800&amp;ssl=1 800w, https:\/\/i0.wp.com\/leonescruzdelsur.cl\/wp-content\/uploads\/2025\/08\/IMG-20250822-WA0030.jpg?resize=768%2C512&amp;ssl=1 768w\" sizes=\"(max-width: 800px) 100vw, 800px\" \/><\/figure>\n\n\n\n<figure class=\"wp-block-image size-full\"><img data-recalc-dims=\"1\" decoding=\"async\" width=\"800\" height=\"533\" data-id=\"1613\" src=\"https:\/\/i0.wp.com\/leonescruzdelsur.cl\/wp-content\/uploads\/2025\/08\/IMG-20250822-WA0035.jpg?resize=800%2C533&#038;ssl=1\" alt=\"\" class=\"wp-image-1613\" srcset=\"https:\/\/i0.wp.com\/leonescruzdelsur.cl\/wp-content\/uploads\/2025\/08\/IMG-20250822-WA0035.jpg?w=800&amp;ssl=1 800w, https:\/\/i0.wp.com\/leonescruzdelsur.cl\/wp-content\/uploads\/2025\/08\/IMG-20250822-WA0035.jpg?resize=768%2C512&amp;ssl=1 768w\" sizes=\"(max-width: 800px) 100vw, 800px\" \/><\/figure>\n\n\n\n<figure class=\"wp-block-image size-large\"><img data-recalc-dims=\"1\" decoding=\"async\" width=\"800\" height=\"533\" data-id=\"1614\" src=\"https:\/\/i0.wp.com\/leonescruzdelsur.cl\/wp-content\/uploads\/2025\/08\/IMG-20250822-WA0032-1.jpg?resize=800%2C533&#038;ssl=1\" alt=\"\" class=\"wp-image-1614\" srcset=\"https:\/\/i0.wp.com\/leonescruzdelsur.cl\/wp-content\/uploads\/2025\/08\/IMG-20250822-WA0032-1.jpg?w=800&amp;ssl=1 800w, https:\/\/i0.wp.com\/leonescruzdelsur.cl\/wp-content\/uploads\/2025\/08\/IMG-20250822-WA0032-1.jpg?resize=768%2C512&amp;ssl=1 768w\" sizes=\"(max-width: 800px) 100vw, 800px\" \/><\/figure>\n<\/figure>\n","protected":false},"excerpt":{"rendered":"<p>El jueves 21 de agosto quedar\u00e1 como una fecha que marc\u00f3 un hito in\u00e9dito e hist\u00f3rico para el Club de Leones Cruz del Sur; puesto que se realiz\u00f3 por primera vez el lanzamiento de las Jornadas por la Rehabilitaci\u00f3n en Magallanes, en la ciudad de Santiago. El evento se desarroll\u00f3 a las 19 horas en [&hellip;]<\/p>\n","protected":false},"author":3,"featured_media":1610,"comment_status":"closed","ping_status":"open","sticky":false,"template":"","format":"standard","meta":{"_eb_attr":"","_jetpack_memberships_contains_paid_content":false,"footnotes":"","jetpack_publicize_message":"","jetpack_publicize_feature_enabled":true,"jetpack_social_post_already_shared":false,"jetpack_social_options":{"image_generator_settings":{"template":"highway","default_image_id":0,"enabled":false},"version":2}},"categories":[10],"tags":[],"class_list":["post-1609","post","type-post","status-publish","format-standard","has-post-thumbnail","hentry","category-actividades-leonisticas"],"jetpack_publicize_connections":[],"jetpack_featured_media_url":"https:\/\/i0.wp.com\/leonescruzdelsur.cl\/wp-content\/uploads\/2025\/08\/Imagen-de-WhatsApp-2025-08-21-a-las-21.20.53_cd9b2dff.jpg?fit=800%2C600&ssl=1","jetpack-related-posts":[],"jetpack_sharing_enabled":true,"_links":{"self":[{"href":"https:\/\/leonescruzdelsur.cl\/index.php\/wp-json\/wp\/v2\/posts\/1609","targetHints":{"allow":["GET"]}}],"collection":[{"href":"https:\/\/leonescruzdelsur.cl\/index.php\/wp-json\/wp\/v2\/posts"}],"about":[{"href":"https:\/\/leonescruzdelsur.cl\/index.php\/wp-json\/wp\/v2\/types\/post"}],"author":[{"embeddable":true,"href":"https:\/\/leonescruzdelsur.cl\/index.php\/wp-json\/wp\/v2\/users\/3"}],"replies":[{"embeddable":true,"href":"https:\/\/leonescruzdelsur.cl\/index.php\/wp-json\/wp\/v2\/comments?post=1609"}],"version-history":[{"count":1,"href":"https:\/\/leonescruzdelsur.cl\/index.php\/wp-json\/wp\/v2\/posts\/1609\/revisions"}],"predecessor-version":[{"id":1615,"href":"https:\/\/leonescruzdelsur.cl\/index.php\/wp-json\/wp\/v2\/posts\/1609\/revisions\/1615"}],"wp:featuredmedia":[{"embeddable":true,"href":"https:\/\/leonescruzdelsur.cl\/index.php\/wp-json\/wp\/v2\/media\/1610"}],"wp:attachment":[{"href":"https:\/\/leonescruzdelsur.cl\/index.php\/wp-json\/wp\/v2\/media?parent=1609"}],"wp:term":[{"taxonomy":"category","embeddable":true,"href":"https:\/\/leonescruzdelsur.cl\/index.php\/wp-json\/wp\/v2\/categories?post=1609"},{"taxonomy":"post_tag","embeddable":true,"href":"https:\/\/leonescruzdelsur.cl\/index.php\/wp-json\/wp\/v2\/tags?post=1609"}],"curies":[{"name":"wp","href":"https:\/\/api.w.org\/{rel}","templated":true}]}}